{"id":15618,"date":"2022-08-31T14:07:44","date_gmt":"2022-08-31T12:07:44","guid":{"rendered":"https:\/\/kme.eu\/kme\/?p=15618"},"modified":"2022-08-31T14:07:51","modified_gmt":"2022-08-31T12:07:51","slug":"1-rajd-kme-karkonosze-2022","status":"publish","type":"post","link":"https:\/\/kme.eu\/kme\/1-rajd-kme-karkonosze-2022\/","title":{"rendered":"1 Rajd KME Karkonosze 2022"},"content":{"rendered":"\n<p>W Jeleniej G\u00f3rze rozpocz\u0119\u0142a si\u0119 4. runda MSP Rally Trophy rajdowego pucharu Sudet\u00f3w, pod nazw\u0105 1 Rajd <a href=\"http:\/\/kme.eu\">KME<\/a> Karkonosze. <\/p>\n\n\n\n<p>Mi\u0142o\u015bnicy sport\u00f3w motorowych z Jeleniej G\u00f3ry i okolic mieli okazj\u0119 do \u015bwi\u0119towania i kibicowania. Wszystko za spraw\u0105 4. rundy MSP Rally Trophy rajdowego pucharu Sudet\u00f3w2, pod nazw\u0105 1 Rajd KME Karkonosze. <\/p>\n\n\n\n<p>Rajd zosta\u0142 zorganizowany przez Grup\u0119 Walim Rajdowy. Start 1 Rajdu KME Karkonosze odby\u0142 si\u0119 na Placu Ratuszowym, w wydarzeniu Wzi\u0119\u0142o udzia\u0142 prawie 70 za\u0142\u00f3g rajdowych. Jak wygl\u0105da\u0142a ta impreza zobaczy\u0107 mo\u017cecie na filmie!<\/p>\n\n\n\n<div class=\"wp-block-buttons is-layout-flex wp-block-buttons-is-layout-flex\">\n<div class=\"wp-block-button\"><a class=\"wp-block-button__link\" href=\"https:\/\/www.facebook.com\/groups\/1703916356578785\" target=\"_blank\" rel=\"noreferrer noopener\">Zobacz grup\u0119 na Facebook<\/a><\/div>\n<\/div>\n\n\n\n<p> <\/p>\n\n\n\n<figure class=\"wp-block-embed is-type-video is-provider-youtube wp-block-embed-youtube wp-embed-aspect-16-9 wp-has-aspect-ratio\"><div class=\"wp-block-embed__wrapper\">\n<iframe loading=\"lazy\" title=\"1 Rajd KME Karkonosze 2022\" width=\"1100\" height=\"619\" src=\"https:\/\/www.youtube.com\/embed\/eGYETYtxHps?feature=oembed\" frameborder=\"0\" allow=\"accelerometer; autoplay; clipboard-write; encrypted-media; gyroscope; picture-in-picture\" allowfullscreen><\/iframe>\n<\/div><\/figure>\n","protected":false},"excerpt":{"rendered":"<p>Mi\u0142o\u015bnicy sport\u00f3w motorowych z Jeleniej G\u00f3ry i okolic mieli okazj\u0119 do \u015bwi\u0119towania i kibicowania. Wszystko za spraw\u0105 4. rundy MSP Rally Trophy rajdowego pucharu Sudet\u00f3w2, pod nazw\u0105 1 Rajd KME Karkonosze. <\/p>\n","protected":false},"author":7,"featured_media":15620,"comment_status":"closed","ping_status":"open","sticky":false,"template":"","format":"standard","meta":{"footnotes":""},"categories":[632],"tags":[],"class_list":["post-15618","post","type-post","status-publish","format-standard","has-post-thumbnail","hentry","category-lpg-majster"],"acf":[],"yoast_head":"<!-- This site is optimized with the Yoast SEO plugin v27.5 - https:\/\/yoast.com\/product\/yoast-seo-wordpress\/ -->\n<title>1 Rajd KME Karkonosze 2022 - KME<\/title>\n<meta name=\"description\" content=\"W Jeleniej G\u00f3rze rozpocz\u0119\u0142a si\u0119 4. runda MSP Rally Trophy rajdowego pucharu Sudet\u00f3w, pod nazw\u0105 1 Rajd KME Karkonosze.\" \/>\n<meta name=\"robots\" content=\"index, follow, max-snippet:-1, max-image-preview:large, max-video-preview:-1\" \/>\n<link rel=\"canonical\" href=\"https:\/\/kme.eu\/kme\/1-rajd-kme-karkonosze-2022\/\" \/>\n<meta property=\"og:locale\" content=\"pl_PL\" \/>\n<meta property=\"og:type\" content=\"article\" \/>\n<meta property=\"og:title\" content=\"1 Rajd KME Karkonosze 2022 - KME\" \/>\n<meta property=\"og:description\" content=\"W Jeleniej G\u00f3rze rozpocz\u0119\u0142a si\u0119 4. runda MSP Rally Trophy rajdowego pucharu Sudet\u00f3w, pod nazw\u0105 1 Rajd KME Karkonosze.\" \/>\n<meta property=\"og:url\" content=\"https:\/\/kme.eu\/kme\/1-rajd-kme-karkonosze-2022\/\" \/>\n<meta property=\"og:site_name\" content=\"KME\" \/>\n<meta property=\"article:publisher\" content=\"https:\/\/www.facebook.com\/KME.LPG\/\" \/>\n<meta property=\"article:published_time\" content=\"2022-08-31T12:07:44+00:00\" \/>\n<meta property=\"article:modified_time\" content=\"2022-08-31T12:07:51+00:00\" \/>\n<meta property=\"og:image\" content=\"https:\/\/kme.eu\/kme\/wp-content\/uploads\/2022\/08\/1-Rajd-KME-Karkonosze-miniatura-e1661947620571.jpg\" \/>\n\t<meta property=\"og:image:width\" content=\"500\" \/>\n\t<meta property=\"og:image:height\" content=\"281\" \/>\n\t<meta property=\"og:image:type\" content=\"image\/jpeg\" \/>\n<meta name=\"author\" content=\"Mateusz Swarabowicz\" \/>\n<meta name=\"twitter:card\" content=\"summary_large_image\" \/>\n<meta name=\"twitter:label1\" content=\"Napisane przez\" \/>\n\t<meta name=\"twitter:data1\" content=\"Mateusz Swarabowicz\" \/>\n\t<meta name=\"twitter:label2\" content=\"Szacowany czas czytania\" \/>\n\t<meta name=\"twitter:data2\" content=\"1 minuta\" \/>\n<script type=\"application\/ld+json\" class=\"yoast-schema-graph\">{\"@context\":\"https:\\\/\\\/schema.org\",\"@graph\":[{\"@type\":\"Article\",\"@id\":\"https:\\\/\\\/kme.eu\\\/kme\\\/1-rajd-kme-karkonosze-2022\\\/#article\",\"isPartOf\":{\"@id\":\"https:\\\/\\\/kme.eu\\\/kme\\\/1-rajd-kme-karkonosze-2022\\\/\"},\"author\":{\"name\":\"Mateusz Swarabowicz\",\"@id\":\"https:\\\/\\\/kme.eu\\\/kme\\\/#\\\/schema\\\/person\\\/548decc90a803466779fe73f09eed9ff\"},\"headline\":\"1 Rajd KME Karkonosze 2022\",\"datePublished\":\"2022-08-31T12:07:44+00:00\",\"dateModified\":\"2022-08-31T12:07:51+00:00\",\"mainEntityOfPage\":{\"@id\":\"https:\\\/\\\/kme.eu\\\/kme\\\/1-rajd-kme-karkonosze-2022\\\/\"},\"wordCount\":102,\"publisher\":{\"@id\":\"https:\\\/\\\/kme.eu\\\/kme\\\/#organization\"},\"image\":{\"@id\":\"https:\\\/\\\/kme.eu\\\/kme\\\/1-rajd-kme-karkonosze-2022\\\/#primaryimage\"},\"thumbnailUrl\":\"https:\\\/\\\/kme.eu\\\/kme\\\/wp-content\\\/uploads\\\/2022\\\/08\\\/1-Rajd-KME-Karkonosze-miniatura-e1661947620571.jpg\",\"articleSection\":[\"LPG MAJSTER\"],\"inLanguage\":\"pl-PL\"},{\"@type\":\"WebPage\",\"@id\":\"https:\\\/\\\/kme.eu\\\/kme\\\/1-rajd-kme-karkonosze-2022\\\/\",\"url\":\"https:\\\/\\\/kme.eu\\\/kme\\\/1-rajd-kme-karkonosze-2022\\\/\",\"name\":\"1 Rajd KME Karkonosze 2022 - KME\",\"isPartOf\":{\"@id\":\"https:\\\/\\\/kme.eu\\\/kme\\\/#website\"},\"primaryImageOfPage\":{\"@id\":\"https:\\\/\\\/kme.eu\\\/kme\\\/1-rajd-kme-karkonosze-2022\\\/#primaryimage\"},\"image\":{\"@id\":\"https:\\\/\\\/kme.eu\\\/kme\\\/1-rajd-kme-karkonosze-2022\\\/#primaryimage\"},\"thumbnailUrl\":\"https:\\\/\\\/kme.eu\\\/kme\\\/wp-content\\\/uploads\\\/2022\\\/08\\\/1-Rajd-KME-Karkonosze-miniatura-e1661947620571.jpg\",\"datePublished\":\"2022-08-31T12:07:44+00:00\",\"dateModified\":\"2022-08-31T12:07:51+00:00\",\"description\":\"W Jeleniej G\u00f3rze rozpocz\u0119\u0142a si\u0119 4. runda MSP Rally Trophy rajdowego pucharu Sudet\u00f3w, pod nazw\u0105 1 Rajd KME Karkonosze.\",\"breadcrumb\":{\"@id\":\"https:\\\/\\\/kme.eu\\\/kme\\\/1-rajd-kme-karkonosze-2022\\\/#breadcrumb\"},\"inLanguage\":\"pl-PL\",\"potentialAction\":[{\"@type\":\"ReadAction\",\"target\":[\"https:\\\/\\\/kme.eu\\\/kme\\\/1-rajd-kme-karkonosze-2022\\\/\"]}]},{\"@type\":\"ImageObject\",\"inLanguage\":\"pl-PL\",\"@id\":\"https:\\\/\\\/kme.eu\\\/kme\\\/1-rajd-kme-karkonosze-2022\\\/#primaryimage\",\"url\":\"https:\\\/\\\/kme.eu\\\/kme\\\/wp-content\\\/uploads\\\/2022\\\/08\\\/1-Rajd-KME-Karkonosze-miniatura-e1661947620571.jpg\",\"contentUrl\":\"https:\\\/\\\/kme.eu\\\/kme\\\/wp-content\\\/uploads\\\/2022\\\/08\\\/1-Rajd-KME-Karkonosze-miniatura-e1661947620571.jpg\",\"width\":500,\"height\":281},{\"@type\":\"BreadcrumbList\",\"@id\":\"https:\\\/\\\/kme.eu\\\/kme\\\/1-rajd-kme-karkonosze-2022\\\/#breadcrumb\",\"itemListElement\":[{\"@type\":\"ListItem\",\"position\":1,\"name\":\"Strona g\u0142\u00f3wna\",\"item\":\"https:\\\/\\\/kme.eu\\\/kme\\\/\"},{\"@type\":\"ListItem\",\"position\":2,\"name\":\"1 Rajd KME Karkonosze 2022\"}]},{\"@type\":\"WebSite\",\"@id\":\"https:\\\/\\\/kme.eu\\\/kme\\\/#website\",\"url\":\"https:\\\/\\\/kme.eu\\\/kme\\\/\",\"name\":\"KME\",\"description\":\"Autogas Systems\",\"publisher\":{\"@id\":\"https:\\\/\\\/kme.eu\\\/kme\\\/#organization\"},\"potentialAction\":[{\"@type\":\"SearchAction\",\"target\":{\"@type\":\"EntryPoint\",\"urlTemplate\":\"https:\\\/\\\/kme.eu\\\/kme\\\/?s={search_term_string}\"},\"query-input\":{\"@type\":\"PropertyValueSpecification\",\"valueRequired\":true,\"valueName\":\"search_term_string\"}}],\"inLanguage\":\"pl-PL\"},{\"@type\":\"Organization\",\"@id\":\"https:\\\/\\\/kme.eu\\\/kme\\\/#organization\",\"name\":\"KME\",\"url\":\"https:\\\/\\\/kme.eu\\\/kme\\\/\",\"logo\":{\"@type\":\"ImageObject\",\"inLanguage\":\"pl-PL\",\"@id\":\"https:\\\/\\\/kme.eu\\\/kme\\\/#\\\/schema\\\/logo\\\/image\\\/\",\"url\":\"https:\\\/\\\/kme.eu\\\/kme\\\/wp-content\\\/uploads\\\/2020\\\/04\\\/logo_KME_RGB_small_200px.png\",\"contentUrl\":\"https:\\\/\\\/kme.eu\\\/kme\\\/wp-content\\\/uploads\\\/2020\\\/04\\\/logo_KME_RGB_small_200px.png\",\"width\":272,\"height\":200,\"caption\":\"KME\"},\"image\":{\"@id\":\"https:\\\/\\\/kme.eu\\\/kme\\\/#\\\/schema\\\/logo\\\/image\\\/\"},\"sameAs\":[\"https:\\\/\\\/www.facebook.com\\\/KME.LPG\\\/\",\"https:\\\/\\\/www.instagram.com\\\/kme_lpg\\\/\"]},{\"@type\":\"Person\",\"@id\":\"https:\\\/\\\/kme.eu\\\/kme\\\/#\\\/schema\\\/person\\\/548decc90a803466779fe73f09eed9ff\",\"name\":\"Mateusz Swarabowicz\",\"image\":{\"@type\":\"ImageObject\",\"inLanguage\":\"pl-PL\",\"@id\":\"https:\\\/\\\/secure.gravatar.com\\\/avatar\\\/78f056038de3d4d4427efeffd8d8a479064743e829ebe4df931f83f47627c29a?s=96&d=mm&r=g\",\"url\":\"https:\\\/\\\/secure.gravatar.com\\\/avatar\\\/78f056038de3d4d4427efeffd8d8a479064743e829ebe4df931f83f47627c29a?s=96&d=mm&r=g\",\"contentUrl\":\"https:\\\/\\\/secure.gravatar.com\\\/avatar\\\/78f056038de3d4d4427efeffd8d8a479064743e829ebe4df931f83f47627c29a?s=96&d=mm&r=g\",\"caption\":\"Mateusz Swarabowicz\"},\"url\":\"https:\\\/\\\/kme.eu\\\/kme\\\/author\\\/mateusz-swarabowicz\\\/\"}]}<\/script>\n<!-- \/ Yoast SEO plugin. -->","yoast_head_json":{"title":"1 Rajd KME Karkonosze 2022 - KME","description":"W Jeleniej G\u00f3rze rozpocz\u0119\u0142a si\u0119 4. runda MSP Rally Trophy rajdowego pucharu Sudet\u00f3w, pod nazw\u0105 1 Rajd KME Karkonosze.","robots":{"index":"index","follow":"follow","max-snippet":"max-snippet:-1","max-image-preview":"max-image-preview:large","max-video-preview":"max-video-preview:-1"},"canonical":"https:\/\/kme.eu\/kme\/1-rajd-kme-karkonosze-2022\/","og_locale":"pl_PL","og_type":"article","og_title":"1 Rajd KME Karkonosze 2022 - KME","og_description":"W Jeleniej G\u00f3rze rozpocz\u0119\u0142a si\u0119 4. runda MSP Rally Trophy rajdowego pucharu Sudet\u00f3w, pod nazw\u0105 1 Rajd KME Karkonosze.","og_url":"https:\/\/kme.eu\/kme\/1-rajd-kme-karkonosze-2022\/","og_site_name":"KME","article_publisher":"https:\/\/www.facebook.com\/KME.LPG\/","article_published_time":"2022-08-31T12:07:44+00:00","article_modified_time":"2022-08-31T12:07:51+00:00","og_image":[{"width":500,"height":281,"url":"https:\/\/kme.eu\/kme\/wp-content\/uploads\/2022\/08\/1-Rajd-KME-Karkonosze-miniatura-e1661947620571.jpg","type":"image\/jpeg"}],"author":"Mateusz Swarabowicz","twitter_card":"summary_large_image","twitter_misc":{"Napisane przez":"Mateusz Swarabowicz","Szacowany czas czytania":"1 minuta"},"schema":{"@context":"https:\/\/schema.org","@graph":[{"@type":"Article","@id":"https:\/\/kme.eu\/kme\/1-rajd-kme-karkonosze-2022\/#article","isPartOf":{"@id":"https:\/\/kme.eu\/kme\/1-rajd-kme-karkonosze-2022\/"},"author":{"name":"Mateusz Swarabowicz","@id":"https:\/\/kme.eu\/kme\/#\/schema\/person\/548decc90a803466779fe73f09eed9ff"},"headline":"1 Rajd KME Karkonosze 2022","datePublished":"2022-08-31T12:07:44+00:00","dateModified":"2022-08-31T12:07:51+00:00","mainEntityOfPage":{"@id":"https:\/\/kme.eu\/kme\/1-rajd-kme-karkonosze-2022\/"},"wordCount":102,"publisher":{"@id":"https:\/\/kme.eu\/kme\/#organization"},"image":{"@id":"https:\/\/kme.eu\/kme\/1-rajd-kme-karkonosze-2022\/#primaryimage"},"thumbnailUrl":"https:\/\/kme.eu\/kme\/wp-content\/uploads\/2022\/08\/1-Rajd-KME-Karkonosze-miniatura-e1661947620571.jpg","articleSection":["LPG MAJSTER"],"inLanguage":"pl-PL"},{"@type":"WebPage","@id":"https:\/\/kme.eu\/kme\/1-rajd-kme-karkonosze-2022\/","url":"https:\/\/kme.eu\/kme\/1-rajd-kme-karkonosze-2022\/","name":"1 Rajd KME Karkonosze 2022 - KME","isPartOf":{"@id":"https:\/\/kme.eu\/kme\/#website"},"primaryImageOfPage":{"@id":"https:\/\/kme.eu\/kme\/1-rajd-kme-karkonosze-2022\/#primaryimage"},"image":{"@id":"https:\/\/kme.eu\/kme\/1-rajd-kme-karkonosze-2022\/#primaryimage"},"thumbnailUrl":"https:\/\/kme.eu\/kme\/wp-content\/uploads\/2022\/08\/1-Rajd-KME-Karkonosze-miniatura-e1661947620571.jpg","datePublished":"2022-08-31T12:07:44+00:00","dateModified":"2022-08-31T12:07:51+00:00","description":"W Jeleniej G\u00f3rze rozpocz\u0119\u0142a si\u0119 4. runda MSP Rally Trophy rajdowego pucharu Sudet\u00f3w, pod nazw\u0105 1 Rajd KME Karkonosze.","breadcrumb":{"@id":"https:\/\/kme.eu\/kme\/1-rajd-kme-karkonosze-2022\/#breadcrumb"},"inLanguage":"pl-PL","potentialAction":[{"@type":"ReadAction","target":["https:\/\/kme.eu\/kme\/1-rajd-kme-karkonosze-2022\/"]}]},{"@type":"ImageObject","inLanguage":"pl-PL","@id":"https:\/\/kme.eu\/kme\/1-rajd-kme-karkonosze-2022\/#primaryimage","url":"https:\/\/kme.eu\/kme\/wp-content\/uploads\/2022\/08\/1-Rajd-KME-Karkonosze-miniatura-e1661947620571.jpg","contentUrl":"https:\/\/kme.eu\/kme\/wp-content\/uploads\/2022\/08\/1-Rajd-KME-Karkonosze-miniatura-e1661947620571.jpg","width":500,"height":281},{"@type":"BreadcrumbList","@id":"https:\/\/kme.eu\/kme\/1-rajd-kme-karkonosze-2022\/#breadcrumb","itemListElement":[{"@type":"ListItem","position":1,"name":"Strona g\u0142\u00f3wna","item":"https:\/\/kme.eu\/kme\/"},{"@type":"ListItem","position":2,"name":"1 Rajd KME Karkonosze 2022"}]},{"@type":"WebSite","@id":"https:\/\/kme.eu\/kme\/#website","url":"https:\/\/kme.eu\/kme\/","name":"KME","description":"Autogas Systems","publisher":{"@id":"https:\/\/kme.eu\/kme\/#organization"},"potentialAction":[{"@type":"SearchAction","target":{"@type":"EntryPoint","urlTemplate":"https:\/\/kme.eu\/kme\/?s={search_term_string}"},"query-input":{"@type":"PropertyValueSpecification","valueRequired":true,"valueName":"search_term_string"}}],"inLanguage":"pl-PL"},{"@type":"Organization","@id":"https:\/\/kme.eu\/kme\/#organization","name":"KME","url":"https:\/\/kme.eu\/kme\/","logo":{"@type":"ImageObject","inLanguage":"pl-PL","@id":"https:\/\/kme.eu\/kme\/#\/schema\/logo\/image\/","url":"https:\/\/kme.eu\/kme\/wp-content\/uploads\/2020\/04\/logo_KME_RGB_small_200px.png","contentUrl":"https:\/\/kme.eu\/kme\/wp-content\/uploads\/2020\/04\/logo_KME_RGB_small_200px.png","width":272,"height":200,"caption":"KME"},"image":{"@id":"https:\/\/kme.eu\/kme\/#\/schema\/logo\/image\/"},"sameAs":["https:\/\/www.facebook.com\/KME.LPG\/","https:\/\/www.instagram.com\/kme_lpg\/"]},{"@type":"Person","@id":"https:\/\/kme.eu\/kme\/#\/schema\/person\/548decc90a803466779fe73f09eed9ff","name":"Mateusz Swarabowicz","image":{"@type":"ImageObject","inLanguage":"pl-PL","@id":"https:\/\/secure.gravatar.com\/avatar\/78f056038de3d4d4427efeffd8d8a479064743e829ebe4df931f83f47627c29a?s=96&d=mm&r=g","url":"https:\/\/secure.gravatar.com\/avatar\/78f056038de3d4d4427efeffd8d8a479064743e829ebe4df931f83f47627c29a?s=96&d=mm&r=g","contentUrl":"https:\/\/secure.gravatar.com\/avatar\/78f056038de3d4d4427efeffd8d8a479064743e829ebe4df931f83f47627c29a?s=96&d=mm&r=g","caption":"Mateusz Swarabowicz"},"url":"https:\/\/kme.eu\/kme\/author\/mateusz-swarabowicz\/"}]}},"_links":{"self":[{"href":"https:\/\/kme.eu\/kme\/wp-json\/wp\/v2\/posts\/15618","targetHints":{"allow":["GET"]}}],"collection":[{"href":"https:\/\/kme.eu\/kme\/wp-json\/wp\/v2\/posts"}],"about":[{"href":"https:\/\/kme.eu\/kme\/wp-json\/wp\/v2\/types\/post"}],"author":[{"embeddable":true,"href":"https:\/\/kme.eu\/kme\/wp-json\/wp\/v2\/users\/7"}],"replies":[{"embeddable":true,"href":"https:\/\/kme.eu\/kme\/wp-json\/wp\/v2\/comments?post=15618"}],"version-history":[{"count":0,"href":"https:\/\/kme.eu\/kme\/wp-json\/wp\/v2\/posts\/15618\/revisions"}],"wp:featuredmedia":[{"embeddable":true,"href":"https:\/\/kme.eu\/kme\/wp-json\/wp\/v2\/media\/15620"}],"wp:attachment":[{"href":"https:\/\/kme.eu\/kme\/wp-json\/wp\/v2\/media?parent=15618"}],"wp:term":[{"taxonomy":"category","embeddable":true,"href":"https:\/\/kme.eu\/kme\/wp-json\/wp\/v2\/categories?post=15618"},{"taxonomy":"post_tag","embeddable":true,"href":"https:\/\/kme.eu\/kme\/wp-json\/wp\/v2\/tags?post=15618"}],"curies":[{"name":"wp","href":"https:\/\/api.w.org\/{rel}","templated":true}]}}